[{"@context":"https:\/\/schema.org\/","@type":"Article","@id":"https:\/\/www.arotein.cz\/cesko-lidrem-drazdeni-donalda-trumpa\/#Article","mainEntityOfPage":"https:\/\/www.arotein.cz\/cesko-lidrem-drazdeni-donalda-trumpa\/","headline":"\u010cesko l\u00eddrem dr\u00e1\u017ed\u011bn\u00ed Donalda Trumpa","name":"\u010cesko l\u00eddrem dr\u00e1\u017ed\u011bn\u00ed Donalda Trumpa","description":"Velk\u00fdm internetov\u00fdm spole\u010dnostem hroz\u00ed ze strany \u010cesk\u00e9 republiky uvalen\u00ed sedmi procentn\u00ed dan\u011b. Ministryn\u011b financ\u00ed Alena Schillerov\u00e1 nechce \u010dekat na z\u00e1v\u011bry jedn\u00e1n\u00ed Evropsk\u00e9 unie a&nbsp;Organizace pro&nbsp;hospod\u00e1\u0159skou spolupr\u00e1ci a&nbsp;rozvoj (OECD). Na jej\u00ed vkus pr\u00fd jsou jedn\u00e1n\u00ed p\u0159\u00edli\u0161 zdlouhav\u00e1. Jej\u00ed n\u00e1vrh m\u00e1 vl\u00e1dn\u00ed podporu, byl j\u00ed schv\u00e1len ji\u017e v&nbsp;listopadu minul\u00e9ho roku. Nyn\u00ed m\u00e1 za sebou prvn\u00ed \u010dten\u00ed v&nbsp;poslaneck\u00e9\u2026 <a href=\"https:\/\/www.arotein.cz\/cesko-lidrem-drazdeni-donalda-trumpa\/\" class=\"excerpt-read-more-link\">Continue reading<\/a>","datePublished":"2020-01-03","dateModified":"2023-06-08","author":{"@type":"Person","@id":"https:\/\/www.arotein.cz\/author\/#Person","name":"","url":"https:\/\/www.arotein.cz\/author\/","identifier":1,"image":{"@type":"ImageObject","@id":"https:\/\/secure.gravatar.com\/avatar\/01173f1da90dde8adb887d6793fa4e42c4004e53f8d645d9b1cb57c2dee8e188?s=96&d=mm&r=g","url":"https:\/\/secure.gravatar.com\/avatar\/01173f1da90dde8adb887d6793fa4e42c4004e53f8d645d9b1cb57c2dee8e188?s=96&d=mm&r=g","height":96,"width":96}},"publisher":{"@type":"Organization","name":"arotein.cz","logo":{"@type":"ImageObject","@id":"\/logo.png","url":"\/logo.png","width":600,"height":60}},"image":{"@type":"ImageObject","@id":"https:\/\/www.arotein.cz\/wp-content\/uploads\/img_a367718_w4385_t1580227410.jpg","url":"https:\/\/www.arotein.cz\/wp-content\/uploads\/img_a367718_w4385_t1580227410.jpg","height":0,"width":0},"url":"https:\/\/www.arotein.cz\/cesko-lidrem-drazdeni-donalda-trumpa\/","about":["Politika"],"wordCount":527,"articleBody":"Velk\u00fdm internetov\u00fdm spole\u010dnostem hroz\u00ed ze strany \u010cesk\u00e9 republiky uvalen\u00ed sedmi procentn\u00ed dan\u011b. Ministryn\u011b financ\u00ed Alena Schillerov\u00e1 nechce \u010dekat na z\u00e1v\u011bry jedn\u00e1n\u00ed Evropsk\u00e9 unie a&nbsp;Organizace pro&nbsp;hospod\u00e1\u0159skou spolupr\u00e1ci a&nbsp;rozvoj (OECD). Na jej\u00ed vkus pr\u00fd jsou jedn\u00e1n\u00ed p\u0159\u00edli\u0161 zdlouhav\u00e1. Jej\u00ed n\u00e1vrh m\u00e1 vl\u00e1dn\u00ed podporu, byl j\u00ed schv\u00e1len ji\u017e v&nbsp;listopadu minul\u00e9ho roku. Nyn\u00ed m\u00e1 za sebou prvn\u00ed \u010dten\u00ed v&nbsp;poslaneck\u00e9 sn\u011bmovn\u011b a lze p\u0159edpokl\u00e1dat, \u017ee z\u00e1konod\u00e1rci podporuj\u00edc\u00ed vl\u00e1dn\u00ed koalici tuto digit\u00e1ln\u00ed da\u0148 schv\u00e1l\u00ed. Nutno dodat, \u017ee \u0161\u00e9fka resortu financ\u00ed se pou\u010dila francouzsk\u00fdm modelem. Francie hodl\u00e1 samostatn\u011b zav\u00e9st digit\u00e1ln\u00ed da\u0148, ale ve v\u00edce jak polovi\u010dn\u00ed v\u00fd\u0161i t\u0159\u00ed procent.Donald Trump velmi rychle reagoval &bdquo;slibem&ldquo;, \u017ee tne Francii do \u017eiv\u00e9ho uvalen\u00edm celn\u00ed povinnost\u00ed na tradi\u010dn\u00ed francouzsk\u00e9 komodity, jako jsou nap\u0159\u00edklad v\u00edno a s\u00fdry. Lze s&nbsp;vysokou pravd\u011bpodobnost\u00ed p\u0159edpokl\u00e1dat, \u017ee v&nbsp;p\u0159\u00edpad\u011b \u00fasp\u011bchu vl\u00e1dn\u00edho n\u00e1vrhu digit\u00e1ln\u00ed dan\u011b ve sn\u011bmovn\u011b vyu\u017eije americk\u00fd prezident stejn\u00e9ho mustru. Konec konc\u016f, \u010cesk\u00e1 republika pro n\u011bj nen\u00ed d\u00edky prvn\u00ed man\u017eelce \u00fapln\u011b nezn\u00e1mou zem\u00ed. Dom\u00e1c\u00ed ekonomov\u00e9 spekuluj\u00ed, \u017ee Trumpova odveta by se nap\u0159\u00edklad mohla t\u00fdkat \u010desk\u00e9ho piva a automobilov\u00e9ho pr\u016fmyslu. Tento krok by mohl m\u00edt pro \u010desk\u00fd v\u00fdvoz fat\u00e1ln\u00ed dopad v&nbsp;podob\u011b ohro\u017een\u00ed a\u017e p\u011btiny \u010desk\u00e9ho exportu v&nbsp;pr\u016fmyslu a&nbsp;a\u017e&nbsp;dvaceti p\u011bti tis\u00edc pracovn\u00edch m\u00edst. To jist\u011b nen\u00ed \u017e\u00e1dn\u00e1 legrace, a je t\u0159eba p\u0159ipomenout, \u017ee by \u010cesk\u00e1 republika jako \u010dlen evropsk\u00e9 celn\u00ed unie nemohla na p\u0159\u00edpadn\u00e9 Trumpovy kroky odpov\u00eddat samostatn\u011b, ale musela by domlouvat a vy\u010dkat spole\u010dn\u00e9 evropsk\u00e9 reakce.Rozhodov\u00e1n\u00ed o uvalen\u00ed digit\u00e1ln\u00ed dan\u011b p\u0159ipom\u00edn\u00e1 dr\u00e1\u017ed\u011bn\u00ed jedovat\u00e9ho hada bosou nohou. Daleko hor\u0161\u00ed to m\u016f\u017ee b\u00fdt po jej\u00edm schv\u00e1len\u00ed, kdy se \u010cesk\u00e1 republika octne v&nbsp;pozici hol\u00e9ho zadku, kter\u00fd chce zab\u00edt je\u017eka. Opravdu n\u00e1m stoj\u00ed mo\u017en\u00e9 p\u0159\u00edjmy z&nbsp;digit\u00e1ln\u00ed dan\u011b za to, abychom vyvolali konflikt se Spojen\u00fdmi st\u00e1ty? Sou\u010dasn\u00e9 pom\u011bry v Evropsk\u00e9 unii a progn\u00f3zy o dal\u0161\u00ed nedalek\u00e9 ekonomick\u00e9 krizi varuj\u00ed. Ministryn\u011b Schillerov\u00e1, vl\u00e1da a patrn\u011b v\u011bt\u0161ina v parlamentu m\u00e1 jasno.Jasno ale nem\u00e1 zbytek dom\u00e1c\u00ed populace, kdy\u017e prvn\u00ed d\u00e1ma \u010desk\u00fdch financ\u00ed na jedn\u00e9 stran\u011b hodl\u00e1 p\u0159ikrmit p\u0159\u00edjmovou str\u00e1nku st\u00e1tn\u00edho rozpo\u010dtu dry\u00e1\u010dnickou v\u00fd\u0161\u00ed digit\u00e1ln\u00ed dan\u011b a na stran\u011b druh\u00e9 prohla\u0161uje, \u017ee &bdquo;podporuje glob\u00e1ln\u00ed \u0159e\u0161en\u00ed&ldquo; tedy spole\u010dn\u00fd evropsk\u00fd postup. Snaha prosadit takto vysoce problematickou da\u0148 a riskovat na\u0161tv\u00e1n\u00ed kl\u00ed\u010dov\u00e9ho spojence sv\u011bd\u010d\u00ed o tom, \u017ee pln\u011bn\u00ed p\u0159\u00edjm\u016f st\u00e1tn\u00edho rozpo\u010dtu pokulh\u00e1v\u00e1 za opa\u010dn\u00fdm sm\u011brem toku ve\u0159ejn\u00fdch financ\u00ed. Tak\u017ee, ber, kde ber&hellip; &nbsp;&nbsp;&nbsp;&nbsp;&nbsp;&nbsp;                                                                                                                                                                                                                                                                                                                                                                                        4.7\/5 - (4 votes)        "},{"@context":"https:\/\/schema.org\/","@type":"BreadcrumbList","itemListElement":[{"@type":"ListItem","position":1,"name":"\u010cesko l\u00eddrem dr\u00e1\u017ed\u011bn\u00ed Donalda Trumpa","item":"https:\/\/www.arotein.cz\/cesko-lidrem-drazdeni-donalda-trumpa\/#breadcrumbitem"}]}]