[{"@context":"https:\/\/schema.org\/","@type":"Article","@id":"https:\/\/www.arotein.cz\/cista-mzda-aneb-kolik-letos-dostaneme-na-vyplatu\/#Article","mainEntityOfPage":"https:\/\/www.arotein.cz\/cista-mzda-aneb-kolik-letos-dostaneme-na-vyplatu\/","headline":"\u010cist\u00e1 mzda, aneb kolik letos dostaneme na v\u00fdplatu","name":"\u010cist\u00e1 mzda, aneb kolik letos dostaneme na v\u00fdplatu","description":"Z\u00e1kladn\u00ed rozd\u00edl mezi \u010distou a hrubou mzdou je snad v\u0161em zn\u00e1m\u00fd. Hrub\u00e1 mzda je ta, kterou v\u00e1m v\u011bt\u0161inou \u0159eknou p\u0159i pohovoru a kter\u00e1 je pouze orienta\u010dn\u00ed, proto\u017ee z t\u00e9to \u010d\u00e1stky se teprve v\u0161echno podstatn\u00e9 mus\u00ed vypo\u010d\u00edtat. Jeliko\u017e vyd\u011bl\u00e1v\u00e1te a jedn\u00e1 se o p\u0159\u00edjem, tak v\u00e1m z v\u00fdplaty bude samoz\u0159ejm\u011b str\u017eena da\u0148 z p\u0159\u00edjm\u016f, d\u00e1le dle\u2026 <a href=\"https:\/\/www.arotein.cz\/cista-mzda-aneb-kolik-letos-dostaneme-na-vyplatu\/\" class=\"excerpt-read-more-link\">Continue reading<\/a>","datePublished":"2021-11-06","dateModified":"2023-06-08","author":{"@type":"Person","@id":"https:\/\/www.arotein.cz\/author\/#Person","name":"","url":"https:\/\/www.arotein.cz\/author\/","identifier":1,"image":{"@type":"ImageObject","@id":"https:\/\/secure.gravatar.com\/avatar\/01173f1da90dde8adb887d6793fa4e42c4004e53f8d645d9b1cb57c2dee8e188?s=96&d=mm&r=g","url":"https:\/\/secure.gravatar.com\/avatar\/01173f1da90dde8adb887d6793fa4e42c4004e53f8d645d9b1cb57c2dee8e188?s=96&d=mm&r=g","height":96,"width":96}},"publisher":{"@type":"Organization","name":"arotein.cz","logo":{"@type":"ImageObject","@id":"\/logo.png","url":"\/logo.png","width":600,"height":60}},"image":{"@type":"ImageObject","@id":"https:\/\/www.arotein.cz\/wp-content\/uploads\/%C5%BEena,%20notebook,%20kalkula%C4%8Dka.jpg","url":"https:\/\/www.arotein.cz\/wp-content\/uploads\/%C5%BEena,%20notebook,%20kalkula%C4%8Dka.jpg","height":0,"width":0},"url":"https:\/\/www.arotein.cz\/cista-mzda-aneb-kolik-letos-dostaneme-na-vyplatu\/","about":["Nakupov\u00e1n\u00ed"],"wordCount":504,"articleBody":"   Z\u00e1kladn\u00ed rozd\u00edl mezi \u010distou a hrubou mzdou je snad v\u0161em zn\u00e1m\u00fd. Hrub\u00e1 mzda je ta, kterou v\u00e1m v\u011bt\u0161inou \u0159eknou p\u0159i pohovoru a kter\u00e1 je pouze orienta\u010dn\u00ed, proto\u017ee z t\u00e9to \u010d\u00e1stky se teprve v\u0161echno podstatn\u00e9 mus\u00ed vypo\u010d\u00edtat. Jeliko\u017e vyd\u011bl\u00e1v\u00e1te a jedn\u00e1 se o p\u0159\u00edjem, tak v\u00e1m z v\u00fdplaty bude samoz\u0159ejm\u011b str\u017eena da\u0148 z p\u0159\u00edjm\u016f, d\u00e1le dle z\u00e1kon\u016f je\u0161t\u011b \u010d\u00e1stka na soci\u00e1ln\u00ed a zdravotn\u00ed, kterou za v\u00e1s plat\u00ed zam\u011bstnavatel, a \u010d\u00e1stka soci\u00e1ln\u00edho a zdravotn\u00edho, kter\u00e1 se odv\u00e1d\u00ed v podstat\u011b z va\u0161\u00ed hrub\u00e9 v\u00fdplaty. Naopak ka\u017ed\u00fd m\u016f\u017ee vyu\u017e\u00edt r\u016fzn\u00e1 zv\u00fdhodn\u011bn\u00ed, pro ka\u017ed\u00e9ho plat\u00ed zv\u00fdhodn\u011bn\u00ed v r\u00e1mci dan\u011b na poplatn\u00edka, m\u016f\u017eete uplatnit slevu na d\u00edt\u011b, jako student, na invaliditu a mnoho dal\u0161\u00edch. A\u017e v\u00fdsledn\u00e1 \u010d\u00e1stka je ta, kterou v\u00e1m p\u0159ip\u00ed\u0161\u00ed na \u00fa\u010det a ta se naz\u00fdv\u00e1 jako \u010dist\u00e1 mzda Kalkulackacistemzdy.cz.Kalkula\u010dky v\u00e1m hned prozrad\u00ed, jak\u00e1 \u010d\u00e1stka bude v\u00fdsledkem, pokud zad\u00e1te hrubou mzdu. Uvid\u00edte tak\u00e9, kolik plat\u00edte na soci\u00e1ln\u00edm a zdravotn\u00edm. V\u00fdsledek je rychl\u00fd a p\u0159esn\u00fd a v\u017edy odpov\u00edd\u00e1 v\u0161em pot\u0159ebn\u00fdm norm\u00e1m, tak\u017ee se skute\u010dn\u011b jedn\u00e1 o realitu.Do kategorie r\u016fzn\u00fdch p\u0159\u00edjm\u016f m\u016f\u017eeme za\u0159adit i minim\u00e1ln\u00ed mzdu a to je ta, kter\u00e1 je dan\u00e1 z\u00e1konem. Stanovuje minim\u00e1ln\u00ed \u010d\u00e1stku, kterou mus\u00edme dostat od zam\u011bstnavatele p\u0159i b\u011b\u017en\u00e9m pracovn\u00edm pom\u011bru, kdy\u017e vykon\u00e1v\u00e1me nejz\u00e1kladn\u011bj\u0161\u00ed nejjednodu\u0161\u0161\u00ed pr\u00e1ci a jedn\u00e1 se pro rok 2022 o \u010d\u00e1stku 16 200 korun. Op\u011bt se jedn\u00e1 o hrubou mzdu p\u0159ed samotn\u00fdm v\u00fdpo\u010dtem na \u010distou.Pro rok 2022 u\u017e se nepo\u010d\u00edt\u00e1 s takzvanou super hrubou mzdou, kter\u00e1 byla do\u010dasn\u011b zru\u0161ena kv\u016fli \u201ecovidov\u00e9\u201c krizi, m\u011bla lidem nechat alespo\u0148 o n\u011bco m\u00e1lo pen\u011bz nav\u00edc v kapse, abychom se mohli takzvan\u011b na n\u011b\u010dem trochu \u201ezahojit\u201c. Pro leto\u0161n\u00ed rok z\u016fst\u00e1v\u00e1 op\u011bt zru\u0161en\u00e1 i nad\u00e1le, po\u010d\u00edt\u00e1 se tedy s klasick\u00fdm v\u00fdpo\u010dtem, co\u017e m\u016f\u017eeme jako zam\u011bstnanci ocenit, proto\u017ee n\u00e1m t\u00edmto zp\u016fsobem, po zru\u0161en\u00ed v\u00fdpo\u010dtu se super hrubou mzdou, za\u010dalo z\u016fst\u00e1vat v\u00edce pen\u011bz \u201ev kapse\u201c, tedy n\u00e1m chodilo v\u00edce pen\u011bz od zam\u011bstnavatele za na\u0161i dob\u0159e vykonanou pr\u00e1ci a my m\u011bli v\u00edce financ\u00ed na \u00fa\u010dtu, alespo\u0148 o n\u011bco m\u00e1lo v\u00edce, ale pot\u011b\u0161uj\u00edc\u00ed zpr\u00e1va to rozhodn\u011b byla. Kdo v\u00ed, co bude v dal\u0161\u00edch letech, kdy\u017e m\u00e1me od leto\u0161n\u00edho roku novou vl\u00e1du, kter\u00e1 m\u016f\u017ee z\u00e1kony zm\u011bnit, tak\u017ee do budoucna se uvid\u00ed, co na n\u00e1s p\u0159ichystaj\u00ed.                                                                                                                                                                                                                                                                                                                                                                                          4.2\/5 - (11 votes)        "},{"@context":"https:\/\/schema.org\/","@type":"BreadcrumbList","itemListElement":[{"@type":"ListItem","position":1,"name":"\u010cist\u00e1 mzda, aneb kolik letos dostaneme na v\u00fdplatu","item":"https:\/\/www.arotein.cz\/cista-mzda-aneb-kolik-letos-dostaneme-na-vyplatu\/#breadcrumbitem"}]}]