[{"@context":"https:\/\/schema.org\/","@type":"Article","@id":"https:\/\/www.arotein.cz\/proslunte-si-zivot-bydlenim-ve-spanelsku\/#Article","mainEntityOfPage":"https:\/\/www.arotein.cz\/proslunte-si-zivot-bydlenim-ve-spanelsku\/","headline":"Proslu\u0148te si \u017eivot bydlen\u00edm ve \u0160pan\u011blsku","name":"Proslu\u0148te si \u017eivot bydlen\u00edm ve \u0160pan\u011blsku","description":"\u0160pan\u011blsko, proslun\u011bn\u00e1 zem\u011b S p\u0159ich\u00e1zej\u00edc\u00edm podzimem jste se mo\u017en\u00e1 zamysleli nad t\u00edm, jak\u00e9 by to asi bylo \u017e\u00edt ve \u0160pan\u011blsku? Je to zem\u011b, kter\u00e1 uspokoj\u00ed milovn\u00edky mo\u0159e, horaly i lidi zvykl\u00e9 na evropsk\u00fd standard \u017eivota. Na jihu t\u00e9to temperamentn\u00ed zem\u011b se nach\u00e1z\u00ed Costa Del Sol neboli Slune\u010dn\u00e9 pob\u0159e\u017e\u00ed. V pob\u0159e\u017en\u00ed oblasti jihu \u0160pan\u011blska, mimo jin\u00e9,\u2026 <a href=\"https:\/\/www.arotein.cz\/proslunte-si-zivot-bydlenim-ve-spanelsku\/\" class=\"excerpt-read-more-link\">Continue reading<\/a>","datePublished":"2021-08-07","dateModified":"2023-11-14","author":{"@type":"Person","@id":"https:\/\/www.arotein.cz\/author\/#Person","name":"","url":"https:\/\/www.arotein.cz\/author\/","identifier":1,"image":{"@type":"ImageObject","@id":"https:\/\/secure.gravatar.com\/avatar\/01173f1da90dde8adb887d6793fa4e42c4004e53f8d645d9b1cb57c2dee8e188?s=96&d=mm&r=g","url":"https:\/\/secure.gravatar.com\/avatar\/01173f1da90dde8adb887d6793fa4e42c4004e53f8d645d9b1cb57c2dee8e188?s=96&d=mm&r=g","height":96,"width":96}},"publisher":{"@type":"Organization","name":"arotein.cz","logo":{"@type":"ImageObject","@id":"\/logo.png","url":"\/logo.png","width":600,"height":60}},"image":{"@type":"ImageObject","@id":"https:\/\/www.arotein.cz\/wp-content\/uploads\/Marbella.jpg","url":"https:\/\/www.arotein.cz\/wp-content\/uploads\/Marbella.jpg","height":0,"width":0},"url":"https:\/\/www.arotein.cz\/proslunte-si-zivot-bydlenim-ve-spanelsku\/","about":["Byznys"],"wordCount":410,"articleBody":"       \u0160pan\u011blsko, proslun\u011bn\u00e1 zem\u011b S p\u0159ich\u00e1zej\u00edc\u00edm podzimem jste se mo\u017en\u00e1 zamysleli nad t\u00edm, jak\u00e9 by to asi bylo \u017e\u00edt ve \u0160pan\u011blsku? Je to zem\u011b, kter\u00e1 uspokoj\u00ed milovn\u00edky mo\u0159e, horaly i lidi zvykl\u00e9 na evropsk\u00fd standard \u017eivota.  Na jihu t\u00e9to temperamentn\u00ed zem\u011b se nach\u00e1z\u00ed Costa Del Sol neboli Slune\u010dn\u00e9 pob\u0159e\u017e\u00ed. V pob\u0159e\u017en\u00ed oblasti jihu \u0160pan\u011blska, mimo jin\u00e9, najdeme m\u011bsto Marbella.  Ve \u0161pan\u011blsk\u00e9 Marbelle Centrummmarbella dnes \u017eije okolo 75 000 obyvatel. Jedn\u00e1 se o resort, kter\u00fd bychom mohli za\u0159adit k t\u011bm luxusn\u011bj\u0161\u00edm. Slunce zde sv\u00edt\u00ed v\u00edce ne\u017e 320 dn\u00ed v roce a pl\u00e1\u017ee s jemn\u00fdm p\u00edskem lemuj\u00ed tyrkysov\u00e9 St\u0159edozemn\u00ed mo\u0159e. Ulice m\u011bsta nab\u00edz\u00ed ochutn\u00e1v\u00e1n\u00ed v\u00fdborn\u00fdch \u0161pan\u011blsk\u00fdch i jin\u00fdch specialit. Na sv\u00e9 si p\u0159ijdou i milovn\u00edci aktivn\u011bj\u0161\u00edho \u017eivota. Nechat se p\u0159i hran\u00ed golfu ov\u00edvat mo\u0159sk\u00fdm vzduchem nebo b\u011bh okolo pob\u0159e\u017e\u00ed, to \u010dlov\u011bka nabije po\u0159\u00e1dnou energi\u00ed. Centrum Marbella Ne ka\u017ed\u00fd je natolik zdatn\u00fd, a\u0165 u\u017e v jazyc\u00edch, \u010di \u0159e\u0161en\u00ed pr\u00e1vn\u00edch z\u00e1le\u017eitost\u00ed, aby si mohl s\u00e1m splnit sv\u016fj sen ohledn\u011b bydlen\u00ed u mo\u0159e nebo prost\u011b jen nem\u00e1 \u010das se t\u00edmto zab\u00fdvat.  V takov\u00fdch p\u0159\u00edpadech se nab\u00edz\u00ed mo\u017enost vyu\u017e\u00edt n\u011bjak\u00e9 realitn\u00ed kancel\u00e1\u0159e. Ano, i ve \u0160pan\u011blsku je spousta realitn\u00edch kancel\u00e1\u0159\u00ed, a\u010dkoliv mnoho lid\u00ed bere tyto ji\u017en\u00ed st\u00e1ty jako turistick\u00e9 destinace, ve v\u011bt\u0161in\u011b evropsk\u00fdch zem\u00ed funguje \u017eivot podobn\u011b jako v \u010cR.  Realitn\u00ed kancel\u00e1\u0159 Centrum Marbella se, jak u\u017e plyne z n\u00e1zvu, nach\u00e1z\u00ed ve \u0161pan\u011blsk\u00e9 Marbelle. Majitelkou t\u00e9to kancel\u00e1\u0159e je \u010ce\u0161ka Jitka Faull, m\u00e1 dlouholet\u00e9 zku\u0161enosti s nemovitostmi v zahrani\u010d\u00ed. V portfoliu nemovitost\u00ed Centra Marbella se nach\u00e1z\u00ed exkluzivn\u00ed apartm\u00e1ny i vily. Do Prahy jako vlakem z Ostravy Kousek od Marbelly je vzd\u00e1len\u00e9 m\u011bsto Malaga, kter\u00e9 disponuje mezin\u00e1rodn\u00edm leti\u0161t\u011bm. Cesta do \u010cR trv\u00e1 okolo dvou a p\u016fl hodin, co\u017e se bl\u00ed\u017e\u00ed \u010dasu, kter\u00fd str\u00e1v\u00edte cestou vlakem z Ostravy do Prahy. D\u00edky technick\u00e9mu pokroku dne\u0161n\u00ed doby a st\u00edr\u00e1n\u00ed vzd\u00e1lenost\u00ed je bydlen\u00ed ve \u0160pan\u011blsku dostupn\u011bj\u0161\u00ed. A pro\u010d ne rovnou proslun\u011bn\u00e9 m\u00edsto na jihu jako je Marbella.                                                                                                                                                                                                                                                                                                                                                                                           4.2\/5 - (10 votes)        "},{"@context":"https:\/\/schema.org\/","@type":"BreadcrumbList","itemListElement":[{"@type":"ListItem","position":1,"name":"Proslu\u0148te si \u017eivot bydlen\u00edm ve \u0160pan\u011blsku","item":"https:\/\/www.arotein.cz\/proslunte-si-zivot-bydlenim-ve-spanelsku\/#breadcrumbitem"}]}]