[{"@context":"https:\/\/schema.org\/","@type":"Article","@id":"https:\/\/www.arotein.cz\/stante-se-ridicem\/#Article","mainEntityOfPage":"https:\/\/www.arotein.cz\/stante-se-ridicem\/","headline":"Sta\u0148te se \u0159idi\u010dem","name":"Sta\u0148te se \u0159idi\u010dem","description":"Ka\u017ed\u00fd z n\u00e1s by cht\u011bl b\u00fdt jednou kvalitn\u00edm \u0159idi\u010dem, kter\u00fd ujede tis\u00edce kilometr\u016f bez nehod. Abyste se j\u00edm stali, p\u0159ihlaste se do na\u0161\u00ed auto\u0161koly! N\u00e1\u0161 t\u00fdm nejkvalitn\u011bj\u0161\u00edch lektor\u016f a instruktor\u016f V\u00e1s \u00fasp\u011b\u0161n\u011b dovede k z\u00e1v\u011bre\u010dn\u00fdm zkou\u0161k\u00e1m, a\u0165 u\u017e si vyberete \u0159\u00edzen\u00ed vozidel do 3,5 tun nebo z\u00edsk\u00e1n\u00ed profesn\u00edho pr\u016fkazu. Na\u0161e nab\u00eddka V\u00e1s zaujme Auto\u0161kola Praha\u2026 <a href=\"https:\/\/www.arotein.cz\/stante-se-ridicem\/\" class=\"excerpt-read-more-link\">Continue reading<\/a>","datePublished":"2024-11-21","dateModified":"2024-11-21","author":{"@type":"Person","@id":"https:\/\/www.arotein.cz\/author\/#Person","name":"","url":"https:\/\/www.arotein.cz\/author\/","identifier":1,"image":{"@type":"ImageObject","@id":"https:\/\/secure.gravatar.com\/avatar\/01173f1da90dde8adb887d6793fa4e42c4004e53f8d645d9b1cb57c2dee8e188?s=96&d=mm&r=g","url":"https:\/\/secure.gravatar.com\/avatar\/01173f1da90dde8adb887d6793fa4e42c4004e53f8d645d9b1cb57c2dee8e188?s=96&d=mm&r=g","height":96,"width":96}},"publisher":{"@type":"Organization","name":"arotein.cz","logo":{"@type":"ImageObject","@id":"\/logo.png","url":"\/logo.png","width":600,"height":60}},"url":"https:\/\/www.arotein.cz\/stante-se-ridicem\/","wordCount":179,"articleBody":"Ka\u017ed\u00fd z n\u00e1s by cht\u011bl b\u00fdt jednou kvalitn\u00edm \u0159idi\u010dem, kter\u00fd ujede tis\u00edce kilometr\u016f bez nehod. Abyste se j\u00edm stali, p\u0159ihlaste se do na\u0161\u00ed auto\u0161koly! N\u00e1\u0161 t\u00fdm nejkvalitn\u011bj\u0161\u00edch lektor\u016f a instruktor\u016f V\u00e1s \u00fasp\u011b\u0161n\u011b dovede k z\u00e1v\u011bre\u010dn\u00fdm zkou\u0161k\u00e1m, a\u0165 u\u017e si vyberete \u0159\u00edzen\u00ed vozidel do 3,5 tun nebo z\u00edsk\u00e1n\u00ed profesn\u00edho pr\u016fkazu.\tNa\u0161e nab\u00eddka V\u00e1s zaujmeAuto\u0161kola Praha k v\u00fdcviku pou\u017e\u00edv\u00e1 nov\u00e9 a bezporuchov\u00e9 vozy r\u016fzn\u00fdch zna\u010dek, ale ne\u017e do nich nasednete, vyu\u017eijete na\u0161e nejmodern\u011bj\u0161\u00ed trena\u017e\u00e9ry, kter\u00e9 se vyu\u017e\u00edvaj\u00ed po cel\u00e9 EU. Ka\u017ed\u00fd m\u011bs\u00edc pro V\u00e1s p\u0159ipravujeme zv\u00fdhodn\u011bn\u00e9 ceny. Nejenom o cen\u00e1ch, ale o v\u0161em, co V\u00e1s bude zaj\u00edmat, se dozv\u00edte na NON-STOP infolince. Sta\u0148te se jedn\u00edm z tis\u00edce na\u0161ich \u00fasp\u011b\u0161n\u00fdch absolvent\u016f, p\u0159ihlaste se do na\u0161\u00ed auto\u0161koly, lep\u0161\u00ed volbu neud\u011bl\u00e1te.                                                                                                                                                                                                                                                                                                                                                                                        5\/5 - (3 votes)        "},{"@context":"https:\/\/schema.org\/","@type":"BreadcrumbList","itemListElement":[{"@type":"ListItem","position":1,"name":"Sta\u0148te se \u0159idi\u010dem","item":"https:\/\/www.arotein.cz\/stante-se-ridicem\/#breadcrumbitem"}]}]